{"id":2617,"date":"2025-10-19T10:20:00","date_gmt":"2025-10-19T08:20:00","guid":{"rendered":"https:\/\/teatrodeningures.gal\/teatro-de-ningures-premio-da-critica-de-galicia-2025-en-artes-escenicas\/"},"modified":"2025-10-20T15:12:12","modified_gmt":"2025-10-20T13:12:12","slug":"teatro-de-ningures-premio-da-critica-de-galicia-2025-en-artes-escenicas","status":"publish","type":"post","link":"https:\/\/teatrodeningures.gal\/es\/teatro-de-ningures-premio-da-critica-de-galicia-2025-en-artes-escenicas\/","title":{"rendered":"Teatro de Ningures Premio de la Cr\u00edtica de Galicia 2025 en Artes Esc\u00e9nicas"},"content":{"rendered":"\n<blockquote class=\"wp-block-quote is-layout-flow wp-block-quote-is-layout-flow\">\n<p>Orgullosas y agradecidas por este Premio de la Cr\u00edtica 2025, m\u00e1s, si cabe, por estar tan bien acompa\u00f1adas por las otras compa\u00f1\u00edas finalistas, ButacaZero y Grupo Ch\u00e9vere, compa\u00f1erxs que hacen que el premio alcance a\u00fan m\u00e1s valor para nosotras por admiradas y bienqueridas.<\/p>\n<\/blockquote>\n\n\n\n<p>\u00abEl jurado de la XLVIII\u00aa edici\u00f3n de los Premios de la Cr\u00edtica de Galicia de la modalidad de Artes Esc\u00e9nicas, acord\u00f3 otorgar por unanimidad el premio a \u00abLas guardianas\u00bb de Teatro de Ningures.<br>El jurado destac\u00f3 la dilatada trayectoria profesional de Teatro de Ningures, no solo por los treinta espect\u00e1culos creados sino tambi\u00e9n por impulsar el teatro comunitario y por su vinculaci\u00f3n con la formaci\u00f3n art\u00edstica. El espect\u00e1culo Las guardianas, estrenada en octubre 2024 cuestiona el sistema residencial y abre las puertas a nuevos modelos de autogesti\u00f3n vital proponiendo un necesario debate sobre los cuidados en la vejez.\u00bb<\/p>\n","protected":false},"excerpt":{"rendered":"<p>Orgullosas y agradecidas por este Premio de la Cr\u00edtica 2025, m\u00e1s, si cabe, por estar tan bien acompa\u00f1adas por las otras compa\u00f1\u00edas finalistas, ButacaZero y Grupo Ch\u00e9vere, compa\u00f1erxs que hacen [&hellip;]<\/p>\n","protected":false},"author":1,"featured_media":2643,"comment_status":"closed","ping_status":"open","sticky":true,"template":"","format":"standard","meta":{"footnotes":""},"categories":[22],"tags":[],"class_list":["post-2617","post","type-post","status-publish","format-standard","has-post-thumbnail","hentry","category-noticias"],"yoast_head":"<!-- This site is optimized with the Yoast SEO plugin v27.2 - https:\/\/yoast.com\/product\/yoast-seo-wordpress\/ -->\n<title>Teatro de Ningures Premio de la Cr\u00edtica de Galicia 2025 en Artes Esc\u00e9nicas - Teatro de Ningures<\/title>\n<meta name=\"robots\" content=\"index, follow, max-snippet:-1, max-image-preview:large, max-video-preview:-1\" \/>\n<link rel=\"canonical\" href=\"https:\/\/teatrodeningures.gal\/es\/teatro-de-ningures-premio-da-critica-de-galicia-2025-en-artes-escenicas\/\" \/>\n<meta property=\"og:locale\" content=\"es_ES\" \/>\n<meta property=\"og:type\" content=\"article\" \/>\n<meta property=\"og:title\" content=\"Teatro de Ningures Premio de la Cr\u00edtica de Galicia 2025 en Artes Esc\u00e9nicas - Teatro de Ningures\" \/>\n<meta property=\"og:description\" content=\"Orgullosas y agradecidas por este Premio de la Cr\u00edtica 2025, m\u00e1s, si cabe, por estar tan bien acompa\u00f1adas por las otras compa\u00f1\u00edas finalistas, ButacaZero y Grupo Ch\u00e9vere, compa\u00f1erxs que hacen [&hellip;]\" \/>\n<meta property=\"og:url\" content=\"https:\/\/teatrodeningures.gal\/es\/teatro-de-ningures-premio-da-critica-de-galicia-2025-en-artes-escenicas\/\" \/>\n<meta property=\"og:site_name\" content=\"Teatro de Ningures\" \/>\n<meta property=\"article:publisher\" content=\"https:\/\/www.facebook.com\/teatro.de.ningures\" \/>\n<meta property=\"article:published_time\" content=\"2025-10-19T08:20:00+00:00\" \/>\n<meta property=\"article:modified_time\" content=\"2025-10-20T13:12:12+00:00\" \/>\n<meta property=\"og:image\" content=\"https:\/\/teatrodeningures.gal\/wp-content\/uploads\/2025\/10\/As-Gardias-Premio-Critica-3.jpg\" \/>\n\t<meta property=\"og:image:width\" content=\"1600\" \/>\n\t<meta property=\"og:image:height\" content=\"1200\" \/>\n\t<meta property=\"og:image:type\" content=\"image\/jpeg\" \/>\n<meta name=\"author\" content=\"Teatro de Ningures\" \/>\n<meta name=\"twitter:card\" content=\"summary_large_image\" \/>\n<meta name=\"twitter:label1\" content=\"Escrito por\" \/>\n\t<meta name=\"twitter:data1\" content=\"Teatro de Ningures\" \/>\n\t<meta name=\"twitter:label2\" content=\"Tiempo de lectura\" \/>\n\t<meta name=\"twitter:data2\" content=\"1 minuto\" \/>\n<script type=\"application\/ld+json\" class=\"yoast-schema-graph\">{\"@context\":\"https:\/\/schema.org\",\"@graph\":[{\"@type\":\"Article\",\"@id\":\"https:\/\/teatrodeningures.gal\/es\/teatro-de-ningures-premio-da-critica-de-galicia-2025-en-artes-escenicas\/#article\",\"isPartOf\":{\"@id\":\"https:\/\/teatrodeningures.gal\/es\/teatro-de-ningures-premio-da-critica-de-galicia-2025-en-artes-escenicas\/\"},\"author\":{\"name\":\"Teatro de Ningures\",\"@id\":\"https:\/\/teatrodeningures.gal\/es\/#\/schema\/person\/a22a8ba3b646c319d3846817386c3113\"},\"headline\":\"Teatro de Ningures Premio de la Cr\u00edtica de Galicia 2025 en Artes Esc\u00e9nicas\",\"datePublished\":\"2025-10-19T08:20:00+00:00\",\"dateModified\":\"2025-10-20T13:12:12+00:00\",\"mainEntityOfPage\":{\"@id\":\"https:\/\/teatrodeningures.gal\/es\/teatro-de-ningures-premio-da-critica-de-galicia-2025-en-artes-escenicas\/\"},\"wordCount\":171,\"publisher\":{\"@id\":\"https:\/\/teatrodeningures.gal\/es\/#organization\"},\"image\":{\"@id\":\"https:\/\/teatrodeningures.gal\/es\/teatro-de-ningures-premio-da-critica-de-galicia-2025-en-artes-escenicas\/#primaryimage\"},\"thumbnailUrl\":\"https:\/\/teatrodeningures.gal\/wp-content\/uploads\/2025\/10\/As-Gardias-Premio-Critica-3.jpg\",\"articleSection\":[\"Noticias\"],\"inLanguage\":\"es\"},{\"@type\":\"WebPage\",\"@id\":\"https:\/\/teatrodeningures.gal\/es\/teatro-de-ningures-premio-da-critica-de-galicia-2025-en-artes-escenicas\/\",\"url\":\"https:\/\/teatrodeningures.gal\/es\/teatro-de-ningures-premio-da-critica-de-galicia-2025-en-artes-escenicas\/\",\"name\":\"Teatro de Ningures Premio de la Cr\u00edtica de Galicia 2025 en Artes Esc\u00e9nicas - Teatro de Ningures\",\"isPartOf\":{\"@id\":\"https:\/\/teatrodeningures.gal\/es\/#website\"},\"primaryImageOfPage\":{\"@id\":\"https:\/\/teatrodeningures.gal\/es\/teatro-de-ningures-premio-da-critica-de-galicia-2025-en-artes-escenicas\/#primaryimage\"},\"image\":{\"@id\":\"https:\/\/teatrodeningures.gal\/es\/teatro-de-ningures-premio-da-critica-de-galicia-2025-en-artes-escenicas\/#primaryimage\"},\"thumbnailUrl\":\"https:\/\/teatrodeningures.gal\/wp-content\/uploads\/2025\/10\/As-Gardias-Premio-Critica-3.jpg\",\"datePublished\":\"2025-10-19T08:20:00+00:00\",\"dateModified\":\"2025-10-20T13:12:12+00:00\",\"breadcrumb\":{\"@id\":\"https:\/\/teatrodeningures.gal\/es\/teatro-de-ningures-premio-da-critica-de-galicia-2025-en-artes-escenicas\/#breadcrumb\"},\"inLanguage\":\"es\",\"potentialAction\":[{\"@type\":\"ReadAction\",\"target\":[\"https:\/\/teatrodeningures.gal\/es\/teatro-de-ningures-premio-da-critica-de-galicia-2025-en-artes-escenicas\/\"]}]},{\"@type\":\"ImageObject\",\"inLanguage\":\"es\",\"@id\":\"https:\/\/teatrodeningures.gal\/es\/teatro-de-ningures-premio-da-critica-de-galicia-2025-en-artes-escenicas\/#primaryimage\",\"url\":\"https:\/\/teatrodeningures.gal\/wp-content\/uploads\/2025\/10\/As-Gardias-Premio-Critica-3.jpg\",\"contentUrl\":\"https:\/\/teatrodeningures.gal\/wp-content\/uploads\/2025\/10\/As-Gardias-Premio-Critica-3.jpg\",\"width\":1600,\"height\":1200},{\"@type\":\"BreadcrumbList\",\"@id\":\"https:\/\/teatrodeningures.gal\/es\/teatro-de-ningures-premio-da-critica-de-galicia-2025-en-artes-escenicas\/#breadcrumb\",\"itemListElement\":[{\"@type\":\"ListItem\",\"position\":1,\"name\":\"Portada\",\"item\":\"https:\/\/teatrodeningures.gal\/es\/\"},{\"@type\":\"ListItem\",\"position\":2,\"name\":\"Teatro de Ningures Premio de la Cr\u00edtica de Galicia 2025 en Artes Esc\u00e9nicas\"}]},{\"@type\":\"WebSite\",\"@id\":\"https:\/\/teatrodeningures.gal\/es\/#website\",\"url\":\"https:\/\/teatrodeningures.gal\/es\/\",\"name\":\"Teatro de Ningures\",\"description\":\"Teatro de Ningures\",\"publisher\":{\"@id\":\"https:\/\/teatrodeningures.gal\/es\/#organization\"},\"potentialAction\":[{\"@type\":\"SearchAction\",\"target\":{\"@type\":\"EntryPoint\",\"urlTemplate\":\"https:\/\/teatrodeningures.gal\/es\/?s={search_term_string}\"},\"query-input\":{\"@type\":\"PropertyValueSpecification\",\"valueRequired\":true,\"valueName\":\"search_term_string\"}}],\"inLanguage\":\"es\"},{\"@type\":\"Organization\",\"@id\":\"https:\/\/teatrodeningures.gal\/es\/#organization\",\"name\":\"Teatro de Ningures\",\"url\":\"https:\/\/teatrodeningures.gal\/es\/\",\"logo\":{\"@type\":\"ImageObject\",\"inLanguage\":\"es\",\"@id\":\"https:\/\/teatrodeningures.gal\/es\/#\/schema\/logo\/image\/\",\"url\":\"https:\/\/teatrodeningures.gal\/wp-content\/uploads\/2024\/10\/favicon.svg\",\"contentUrl\":\"https:\/\/teatrodeningures.gal\/wp-content\/uploads\/2024\/10\/favicon.svg\",\"width\":1,\"height\":1,\"caption\":\"Teatro de Ningures\"},\"image\":{\"@id\":\"https:\/\/teatrodeningures.gal\/es\/#\/schema\/logo\/image\/\"},\"sameAs\":[\"https:\/\/www.facebook.com\/teatro.de.ningures\",\"https:\/\/www.instagram.com\/teatrodeningures\/\"]},{\"@type\":\"Person\",\"@id\":\"https:\/\/teatrodeningures.gal\/es\/#\/schema\/person\/a22a8ba3b646c319d3846817386c3113\",\"name\":\"Teatro de Ningures\",\"image\":{\"@type\":\"ImageObject\",\"inLanguage\":\"es\",\"@id\":\"https:\/\/secure.gravatar.com\/avatar\/7799420c77448dba33b120f267595480b77ebf40a654bc398cf43f1bfc794a9b?s=96&d=mm&r=g\",\"url\":\"https:\/\/secure.gravatar.com\/avatar\/7799420c77448dba33b120f267595480b77ebf40a654bc398cf43f1bfc794a9b?s=96&d=mm&r=g\",\"contentUrl\":\"https:\/\/secure.gravatar.com\/avatar\/7799420c77448dba33b120f267595480b77ebf40a654bc398cf43f1bfc794a9b?s=96&d=mm&r=g\",\"caption\":\"Teatro de Ningures\"},\"sameAs\":[\"http:\/\/teatrodeningures.gal\"]}]}<\/script>\n<!-- \/ Yoast SEO plugin. -->","yoast_head_json":{"title":"Teatro de Ningures Premio de la Cr\u00edtica de Galicia 2025 en Artes Esc\u00e9nicas - Teatro de Ningures","robots":{"index":"index","follow":"follow","max-snippet":"max-snippet:-1","max-image-preview":"max-image-preview:large","max-video-preview":"max-video-preview:-1"},"canonical":"https:\/\/teatrodeningures.gal\/es\/teatro-de-ningures-premio-da-critica-de-galicia-2025-en-artes-escenicas\/","og_locale":"es_ES","og_type":"article","og_title":"Teatro de Ningures Premio de la Cr\u00edtica de Galicia 2025 en Artes Esc\u00e9nicas - Teatro de Ningures","og_description":"Orgullosas y agradecidas por este Premio de la Cr\u00edtica 2025, m\u00e1s, si cabe, por estar tan bien acompa\u00f1adas por las otras compa\u00f1\u00edas finalistas, ButacaZero y Grupo Ch\u00e9vere, compa\u00f1erxs que hacen [&hellip;]","og_url":"https:\/\/teatrodeningures.gal\/es\/teatro-de-ningures-premio-da-critica-de-galicia-2025-en-artes-escenicas\/","og_site_name":"Teatro de Ningures","article_publisher":"https:\/\/www.facebook.com\/teatro.de.ningures","article_published_time":"2025-10-19T08:20:00+00:00","article_modified_time":"2025-10-20T13:12:12+00:00","og_image":[{"width":1600,"height":1200,"url":"https:\/\/teatrodeningures.gal\/wp-content\/uploads\/2025\/10\/As-Gardias-Premio-Critica-3.jpg","type":"image\/jpeg"}],"author":"Teatro de Ningures","twitter_card":"summary_large_image","twitter_misc":{"Escrito por":"Teatro de Ningures","Tiempo de lectura":"1 minuto"},"schema":{"@context":"https:\/\/schema.org","@graph":[{"@type":"Article","@id":"https:\/\/teatrodeningures.gal\/es\/teatro-de-ningures-premio-da-critica-de-galicia-2025-en-artes-escenicas\/#article","isPartOf":{"@id":"https:\/\/teatrodeningures.gal\/es\/teatro-de-ningures-premio-da-critica-de-galicia-2025-en-artes-escenicas\/"},"author":{"name":"Teatro de Ningures","@id":"https:\/\/teatrodeningures.gal\/es\/#\/schema\/person\/a22a8ba3b646c319d3846817386c3113"},"headline":"Teatro de Ningures Premio de la Cr\u00edtica de Galicia 2025 en Artes Esc\u00e9nicas","datePublished":"2025-10-19T08:20:00+00:00","dateModified":"2025-10-20T13:12:12+00:00","mainEntityOfPage":{"@id":"https:\/\/teatrodeningures.gal\/es\/teatro-de-ningures-premio-da-critica-de-galicia-2025-en-artes-escenicas\/"},"wordCount":171,"publisher":{"@id":"https:\/\/teatrodeningures.gal\/es\/#organization"},"image":{"@id":"https:\/\/teatrodeningures.gal\/es\/teatro-de-ningures-premio-da-critica-de-galicia-2025-en-artes-escenicas\/#primaryimage"},"thumbnailUrl":"https:\/\/teatrodeningures.gal\/wp-content\/uploads\/2025\/10\/As-Gardias-Premio-Critica-3.jpg","articleSection":["Noticias"],"inLanguage":"es"},{"@type":"WebPage","@id":"https:\/\/teatrodeningures.gal\/es\/teatro-de-ningures-premio-da-critica-de-galicia-2025-en-artes-escenicas\/","url":"https:\/\/teatrodeningures.gal\/es\/teatro-de-ningures-premio-da-critica-de-galicia-2025-en-artes-escenicas\/","name":"Teatro de Ningures Premio de la Cr\u00edtica de Galicia 2025 en Artes Esc\u00e9nicas - Teatro de Ningures","isPartOf":{"@id":"https:\/\/teatrodeningures.gal\/es\/#website"},"primaryImageOfPage":{"@id":"https:\/\/teatrodeningures.gal\/es\/teatro-de-ningures-premio-da-critica-de-galicia-2025-en-artes-escenicas\/#primaryimage"},"image":{"@id":"https:\/\/teatrodeningures.gal\/es\/teatro-de-ningures-premio-da-critica-de-galicia-2025-en-artes-escenicas\/#primaryimage"},"thumbnailUrl":"https:\/\/teatrodeningures.gal\/wp-content\/uploads\/2025\/10\/As-Gardias-Premio-Critica-3.jpg","datePublished":"2025-10-19T08:20:00+00:00","dateModified":"2025-10-20T13:12:12+00:00","breadcrumb":{"@id":"https:\/\/teatrodeningures.gal\/es\/teatro-de-ningures-premio-da-critica-de-galicia-2025-en-artes-escenicas\/#breadcrumb"},"inLanguage":"es","potentialAction":[{"@type":"ReadAction","target":["https:\/\/teatrodeningures.gal\/es\/teatro-de-ningures-premio-da-critica-de-galicia-2025-en-artes-escenicas\/"]}]},{"@type":"ImageObject","inLanguage":"es","@id":"https:\/\/teatrodeningures.gal\/es\/teatro-de-ningures-premio-da-critica-de-galicia-2025-en-artes-escenicas\/#primaryimage","url":"https:\/\/teatrodeningures.gal\/wp-content\/uploads\/2025\/10\/As-Gardias-Premio-Critica-3.jpg","contentUrl":"https:\/\/teatrodeningures.gal\/wp-content\/uploads\/2025\/10\/As-Gardias-Premio-Critica-3.jpg","width":1600,"height":1200},{"@type":"BreadcrumbList","@id":"https:\/\/teatrodeningures.gal\/es\/teatro-de-ningures-premio-da-critica-de-galicia-2025-en-artes-escenicas\/#breadcrumb","itemListElement":[{"@type":"ListItem","position":1,"name":"Portada","item":"https:\/\/teatrodeningures.gal\/es\/"},{"@type":"ListItem","position":2,"name":"Teatro de Ningures Premio de la Cr\u00edtica de Galicia 2025 en Artes Esc\u00e9nicas"}]},{"@type":"WebSite","@id":"https:\/\/teatrodeningures.gal\/es\/#website","url":"https:\/\/teatrodeningures.gal\/es\/","name":"Teatro de Ningures","description":"Teatro de Ningures","publisher":{"@id":"https:\/\/teatrodeningures.gal\/es\/#organization"},"potentialAction":[{"@type":"SearchAction","target":{"@type":"EntryPoint","urlTemplate":"https:\/\/teatrodeningures.gal\/es\/?s={search_term_string}"},"query-input":{"@type":"PropertyValueSpecification","valueRequired":true,"valueName":"search_term_string"}}],"inLanguage":"es"},{"@type":"Organization","@id":"https:\/\/teatrodeningures.gal\/es\/#organization","name":"Teatro de Ningures","url":"https:\/\/teatrodeningures.gal\/es\/","logo":{"@type":"ImageObject","inLanguage":"es","@id":"https:\/\/teatrodeningures.gal\/es\/#\/schema\/logo\/image\/","url":"https:\/\/teatrodeningures.gal\/wp-content\/uploads\/2024\/10\/favicon.svg","contentUrl":"https:\/\/teatrodeningures.gal\/wp-content\/uploads\/2024\/10\/favicon.svg","width":1,"height":1,"caption":"Teatro de Ningures"},"image":{"@id":"https:\/\/teatrodeningures.gal\/es\/#\/schema\/logo\/image\/"},"sameAs":["https:\/\/www.facebook.com\/teatro.de.ningures","https:\/\/www.instagram.com\/teatrodeningures\/"]},{"@type":"Person","@id":"https:\/\/teatrodeningures.gal\/es\/#\/schema\/person\/a22a8ba3b646c319d3846817386c3113","name":"Teatro de Ningures","image":{"@type":"ImageObject","inLanguage":"es","@id":"https:\/\/secure.gravatar.com\/avatar\/7799420c77448dba33b120f267595480b77ebf40a654bc398cf43f1bfc794a9b?s=96&d=mm&r=g","url":"https:\/\/secure.gravatar.com\/avatar\/7799420c77448dba33b120f267595480b77ebf40a654bc398cf43f1bfc794a9b?s=96&d=mm&r=g","contentUrl":"https:\/\/secure.gravatar.com\/avatar\/7799420c77448dba33b120f267595480b77ebf40a654bc398cf43f1bfc794a9b?s=96&d=mm&r=g","caption":"Teatro de Ningures"},"sameAs":["http:\/\/teatrodeningures.gal"]}]}},"_links":{"self":[{"href":"https:\/\/teatrodeningures.gal\/es\/wp-json\/wp\/v2\/posts\/2617","targetHints":{"allow":["GET"]}}],"collection":[{"href":"https:\/\/teatrodeningures.gal\/es\/wp-json\/wp\/v2\/posts"}],"about":[{"href":"https:\/\/teatrodeningures.gal\/es\/wp-json\/wp\/v2\/types\/post"}],"author":[{"embeddable":true,"href":"https:\/\/teatrodeningures.gal\/es\/wp-json\/wp\/v2\/users\/1"}],"replies":[{"embeddable":true,"href":"https:\/\/teatrodeningures.gal\/es\/wp-json\/wp\/v2\/comments?post=2617"}],"version-history":[{"count":1,"href":"https:\/\/teatrodeningures.gal\/es\/wp-json\/wp\/v2\/posts\/2617\/revisions"}],"predecessor-version":[{"id":2621,"href":"https:\/\/teatrodeningures.gal\/es\/wp-json\/wp\/v2\/posts\/2617\/revisions\/2621"}],"wp:featuredmedia":[{"embeddable":true,"href":"https:\/\/teatrodeningures.gal\/es\/wp-json\/wp\/v2\/media\/2643"}],"wp:attachment":[{"href":"https:\/\/teatrodeningures.gal\/es\/wp-json\/wp\/v2\/media?parent=2617"}],"wp:term":[{"taxonomy":"category","embeddable":true,"href":"https:\/\/teatrodeningures.gal\/es\/wp-json\/wp\/v2\/categories?post=2617"},{"taxonomy":"post_tag","embeddable":true,"href":"https:\/\/teatrodeningures.gal\/es\/wp-json\/wp\/v2\/tags?post=2617"}],"curies":[{"name":"wp","href":"https:\/\/api.w.org\/{rel}","templated":true}]}}