{"id":2611,"date":"2025-10-19T10:20:00","date_gmt":"2025-10-19T08:20:00","guid":{"rendered":"https:\/\/teatrodeningures.gal\/?p=2611"},"modified":"2025-10-20T15:11:39","modified_gmt":"2025-10-20T13:11:39","slug":"teatro-de-ningures-premio-da-critica-de-galicia-2025-en-artes-escenicas","status":"publish","type":"post","link":"https:\/\/teatrodeningures.gal\/gl\/teatro-de-ningures-premio-da-critica-de-galicia-2025-en-artes-escenicas\/","title":{"rendered":"Teatro de Ningures Premio da Cr\u00edtica de Galicia 2025 en Artes Esc\u00e9nicas"},"content":{"rendered":"\n<blockquote class=\"wp-block-quote is-layout-flow wp-block-quote-is-layout-flow\">\n<p>Orgullosas e agradecidas por este Premio da Cr\u00edtica 2025, m\u00e1is, se cabe, por estar tan ben acompa\u00f1adas polas outras compa\u00f1\u00edas finalistas, ButacaZero e Grupo Ch\u00e9vere, compa\u00f1eirxs que fan que o premio acade a\u00ednda m\u00e1is valor para n\u00f3s por admiradas e benqueridas.<\/p>\n<\/blockquote>\n\n\n\n<p>&#8220;O xurado da XLVIII\u00aa edici\u00f3n dos Premios da Cr\u00edtica de Galicia da modalidade de Artes Esc\u00e9nicas, acordou outorgar por unanimidade o premio a &#8220;As gardi\u00e1s&#8221; de Teatro de Ningures.<br>O xurado salientou a dilatada traxectoria profesional de Teatro de Ningures, non s\u00f3 polos trinta espect\u00e1culos creados sen\u00f3n tam\u00e9n por impulsar o teatro comunitario e pola s\u00faa vinculaci\u00f3n coa formaci\u00f3n art\u00edstica. O espect\u00e1culo As gardi\u00e1s, estreada en outubro 2024 cuestiona o sistema residencial e abre as portas a novos modelos de autoxesti\u00f3n vital propo\u00f1endo un necesario debate sobre os coidados na vellez.&#8221;<\/p>\n","protected":false},"excerpt":{"rendered":"<p>Orgullosas e agradecidas por este Premio da Cr\u00edtica 2025, m\u00e1is, se cabe, por estar tan ben acompa\u00f1adas polas outras compa\u00f1\u00edas finalistas, ButacaZero e Grupo Ch\u00e9vere, compa\u00f1eirxs que fan que o [&hellip;]<\/p>\n","protected":false},"author":1,"featured_media":2641,"comment_status":"closed","ping_status":"open","sticky":true,"template":"","format":"standard","meta":{"footnotes":""},"categories":[18],"tags":[],"class_list":["post-2611","post","type-post","status-publish","format-standard","has-post-thumbnail","hentry","category-novas"],"yoast_head":"<!-- This site is optimized with the Yoast SEO plugin v27.2 - https:\/\/yoast.com\/product\/yoast-seo-wordpress\/ -->\n<title>Teatro de Ningures Premio da Cr\u00edtica de Galicia 2025 en Artes Esc\u00e9nicas - Teatro de Ningures<\/title>\n<meta name=\"robots\" content=\"index, follow, max-snippet:-1, max-image-preview:large, max-video-preview:-1\" \/>\n<link rel=\"canonical\" href=\"https:\/\/teatrodeningures.gal\/gl\/teatro-de-ningures-premio-da-critica-de-galicia-2025-en-artes-escenicas\/\" \/>\n<meta property=\"og:locale\" content=\"gl_ES\" \/>\n<meta property=\"og:type\" content=\"article\" \/>\n<meta property=\"og:title\" content=\"Teatro de Ningures Premio da Cr\u00edtica de Galicia 2025 en Artes Esc\u00e9nicas - Teatro de Ningures\" \/>\n<meta property=\"og:description\" content=\"Orgullosas e agradecidas por este Premio da Cr\u00edtica 2025, m\u00e1is, se cabe, por estar tan ben acompa\u00f1adas polas outras compa\u00f1\u00edas finalistas, ButacaZero e Grupo Ch\u00e9vere, compa\u00f1eirxs que fan que o [&hellip;]\" \/>\n<meta property=\"og:url\" content=\"https:\/\/teatrodeningures.gal\/gl\/teatro-de-ningures-premio-da-critica-de-galicia-2025-en-artes-escenicas\/\" \/>\n<meta property=\"og:site_name\" content=\"Teatro de Ningures\" \/>\n<meta property=\"article:publisher\" content=\"https:\/\/www.facebook.com\/teatro.de.ningures\" \/>\n<meta property=\"article:published_time\" content=\"2025-10-19T08:20:00+00:00\" \/>\n<meta property=\"article:modified_time\" content=\"2025-10-20T13:11:39+00:00\" \/>\n<meta property=\"og:image\" content=\"https:\/\/teatrodeningures.gal\/wp-content\/uploads\/2025\/10\/As-Gardias-Premio-Critica-3.jpg\" \/>\n\t<meta property=\"og:image:width\" content=\"1600\" \/>\n\t<meta property=\"og:image:height\" content=\"1200\" \/>\n\t<meta property=\"og:image:type\" content=\"image\/jpeg\" \/>\n<meta name=\"author\" content=\"Teatro de Ningures\" \/>\n<meta name=\"twitter:card\" content=\"summary_large_image\" \/>\n<meta name=\"twitter:label1\" content=\"Escrito por\" \/>\n\t<meta name=\"twitter:data1\" content=\"Teatro de Ningures\" \/>\n\t<meta name=\"twitter:label2\" content=\"Tempo de lectura\" \/>\n\t<meta name=\"twitter:data2\" content=\"1 minuto\" \/>\n<script type=\"application\/ld+json\" class=\"yoast-schema-graph\">{\"@context\":\"https:\/\/schema.org\",\"@graph\":[{\"@type\":\"Article\",\"@id\":\"https:\/\/teatrodeningures.gal\/gl\/teatro-de-ningures-premio-da-critica-de-galicia-2025-en-artes-escenicas\/#article\",\"isPartOf\":{\"@id\":\"https:\/\/teatrodeningures.gal\/gl\/teatro-de-ningures-premio-da-critica-de-galicia-2025-en-artes-escenicas\/\"},\"author\":{\"name\":\"Teatro de Ningures\",\"@id\":\"https:\/\/teatrodeningures.gal\/gl\/#\/schema\/person\/a22a8ba3b646c319d3846817386c3113\"},\"headline\":\"Teatro de Ningures Premio da Cr\u00edtica de Galicia 2025 en Artes Esc\u00e9nicas\",\"datePublished\":\"2025-10-19T08:20:00+00:00\",\"dateModified\":\"2025-10-20T13:11:39+00:00\",\"mainEntityOfPage\":{\"@id\":\"https:\/\/teatrodeningures.gal\/gl\/teatro-de-ningures-premio-da-critica-de-galicia-2025-en-artes-escenicas\/\"},\"wordCount\":167,\"publisher\":{\"@id\":\"https:\/\/teatrodeningures.gal\/gl\/#organization\"},\"image\":{\"@id\":\"https:\/\/teatrodeningures.gal\/gl\/teatro-de-ningures-premio-da-critica-de-galicia-2025-en-artes-escenicas\/#primaryimage\"},\"thumbnailUrl\":\"https:\/\/teatrodeningures.gal\/wp-content\/uploads\/2025\/10\/As-Gardias-Premio-Critica-3.jpg\",\"articleSection\":[\"Novas\"],\"inLanguage\":\"gl-ES\"},{\"@type\":\"WebPage\",\"@id\":\"https:\/\/teatrodeningures.gal\/gl\/teatro-de-ningures-premio-da-critica-de-galicia-2025-en-artes-escenicas\/\",\"url\":\"https:\/\/teatrodeningures.gal\/gl\/teatro-de-ningures-premio-da-critica-de-galicia-2025-en-artes-escenicas\/\",\"name\":\"Teatro de Ningures Premio da Cr\u00edtica de Galicia 2025 en Artes Esc\u00e9nicas - Teatro de Ningures\",\"isPartOf\":{\"@id\":\"https:\/\/teatrodeningures.gal\/gl\/#website\"},\"primaryImageOfPage\":{\"@id\":\"https:\/\/teatrodeningures.gal\/gl\/teatro-de-ningures-premio-da-critica-de-galicia-2025-en-artes-escenicas\/#primaryimage\"},\"image\":{\"@id\":\"https:\/\/teatrodeningures.gal\/gl\/teatro-de-ningures-premio-da-critica-de-galicia-2025-en-artes-escenicas\/#primaryimage\"},\"thumbnailUrl\":\"https:\/\/teatrodeningures.gal\/wp-content\/uploads\/2025\/10\/As-Gardias-Premio-Critica-3.jpg\",\"datePublished\":\"2025-10-19T08:20:00+00:00\",\"dateModified\":\"2025-10-20T13:11:39+00:00\",\"breadcrumb\":{\"@id\":\"https:\/\/teatrodeningures.gal\/gl\/teatro-de-ningures-premio-da-critica-de-galicia-2025-en-artes-escenicas\/#breadcrumb\"},\"inLanguage\":\"gl-ES\",\"potentialAction\":[{\"@type\":\"ReadAction\",\"target\":[\"https:\/\/teatrodeningures.gal\/gl\/teatro-de-ningures-premio-da-critica-de-galicia-2025-en-artes-escenicas\/\"]}]},{\"@type\":\"ImageObject\",\"inLanguage\":\"gl-ES\",\"@id\":\"https:\/\/teatrodeningures.gal\/gl\/teatro-de-ningures-premio-da-critica-de-galicia-2025-en-artes-escenicas\/#primaryimage\",\"url\":\"https:\/\/teatrodeningures.gal\/wp-content\/uploads\/2025\/10\/As-Gardias-Premio-Critica-3.jpg\",\"contentUrl\":\"https:\/\/teatrodeningures.gal\/wp-content\/uploads\/2025\/10\/As-Gardias-Premio-Critica-3.jpg\",\"width\":1600,\"height\":1200},{\"@type\":\"BreadcrumbList\",\"@id\":\"https:\/\/teatrodeningures.gal\/gl\/teatro-de-ningures-premio-da-critica-de-galicia-2025-en-artes-escenicas\/#breadcrumb\",\"itemListElement\":[{\"@type\":\"ListItem\",\"position\":1,\"name\":\"Portada\",\"item\":\"https:\/\/teatrodeningures.gal\/gl\/\"},{\"@type\":\"ListItem\",\"position\":2,\"name\":\"Teatro de Ningures Premio da Cr\u00edtica de Galicia 2025 en Artes Esc\u00e9nicas\"}]},{\"@type\":\"WebSite\",\"@id\":\"https:\/\/teatrodeningures.gal\/gl\/#website\",\"url\":\"https:\/\/teatrodeningures.gal\/gl\/\",\"name\":\"Teatro de Ningures\",\"description\":\"Teatro de Ningures\",\"publisher\":{\"@id\":\"https:\/\/teatrodeningures.gal\/gl\/#organization\"},\"potentialAction\":[{\"@type\":\"SearchAction\",\"target\":{\"@type\":\"EntryPoint\",\"urlTemplate\":\"https:\/\/teatrodeningures.gal\/gl\/?s={search_term_string}\"},\"query-input\":{\"@type\":\"PropertyValueSpecification\",\"valueRequired\":true,\"valueName\":\"search_term_string\"}}],\"inLanguage\":\"gl-ES\"},{\"@type\":\"Organization\",\"@id\":\"https:\/\/teatrodeningures.gal\/gl\/#organization\",\"name\":\"Teatro de Ningures\",\"url\":\"https:\/\/teatrodeningures.gal\/gl\/\",\"logo\":{\"@type\":\"ImageObject\",\"inLanguage\":\"gl-ES\",\"@id\":\"https:\/\/teatrodeningures.gal\/gl\/#\/schema\/logo\/image\/\",\"url\":\"https:\/\/teatrodeningures.gal\/wp-content\/uploads\/2024\/10\/favicon.svg\",\"contentUrl\":\"https:\/\/teatrodeningures.gal\/wp-content\/uploads\/2024\/10\/favicon.svg\",\"width\":1,\"height\":1,\"caption\":\"Teatro de Ningures\"},\"image\":{\"@id\":\"https:\/\/teatrodeningures.gal\/gl\/#\/schema\/logo\/image\/\"},\"sameAs\":[\"https:\/\/www.facebook.com\/teatro.de.ningures\",\"https:\/\/www.instagram.com\/teatrodeningures\/\"]},{\"@type\":\"Person\",\"@id\":\"https:\/\/teatrodeningures.gal\/gl\/#\/schema\/person\/a22a8ba3b646c319d3846817386c3113\",\"name\":\"Teatro de Ningures\",\"image\":{\"@type\":\"ImageObject\",\"inLanguage\":\"gl-ES\",\"@id\":\"https:\/\/secure.gravatar.com\/avatar\/7799420c77448dba33b120f267595480b77ebf40a654bc398cf43f1bfc794a9b?s=96&d=mm&r=g\",\"url\":\"https:\/\/secure.gravatar.com\/avatar\/7799420c77448dba33b120f267595480b77ebf40a654bc398cf43f1bfc794a9b?s=96&d=mm&r=g\",\"contentUrl\":\"https:\/\/secure.gravatar.com\/avatar\/7799420c77448dba33b120f267595480b77ebf40a654bc398cf43f1bfc794a9b?s=96&d=mm&r=g\",\"caption\":\"Teatro de Ningures\"},\"sameAs\":[\"http:\/\/teatrodeningures.gal\"]}]}<\/script>\n<!-- \/ Yoast SEO plugin. -->","yoast_head_json":{"title":"Teatro de Ningures Premio da Cr\u00edtica de Galicia 2025 en Artes Esc\u00e9nicas - Teatro de Ningures","robots":{"index":"index","follow":"follow","max-snippet":"max-snippet:-1","max-image-preview":"max-image-preview:large","max-video-preview":"max-video-preview:-1"},"canonical":"https:\/\/teatrodeningures.gal\/gl\/teatro-de-ningures-premio-da-critica-de-galicia-2025-en-artes-escenicas\/","og_locale":"gl_ES","og_type":"article","og_title":"Teatro de Ningures Premio da Cr\u00edtica de Galicia 2025 en Artes Esc\u00e9nicas - Teatro de Ningures","og_description":"Orgullosas e agradecidas por este Premio da Cr\u00edtica 2025, m\u00e1is, se cabe, por estar tan ben acompa\u00f1adas polas outras compa\u00f1\u00edas finalistas, ButacaZero e Grupo Ch\u00e9vere, compa\u00f1eirxs que fan que o [&hellip;]","og_url":"https:\/\/teatrodeningures.gal\/gl\/teatro-de-ningures-premio-da-critica-de-galicia-2025-en-artes-escenicas\/","og_site_name":"Teatro de Ningures","article_publisher":"https:\/\/www.facebook.com\/teatro.de.ningures","article_published_time":"2025-10-19T08:20:00+00:00","article_modified_time":"2025-10-20T13:11:39+00:00","og_image":[{"width":1600,"height":1200,"url":"https:\/\/teatrodeningures.gal\/wp-content\/uploads\/2025\/10\/As-Gardias-Premio-Critica-3.jpg","type":"image\/jpeg"}],"author":"Teatro de Ningures","twitter_card":"summary_large_image","twitter_misc":{"Escrito por":"Teatro de Ningures","Tempo de lectura":"1 minuto"},"schema":{"@context":"https:\/\/schema.org","@graph":[{"@type":"Article","@id":"https:\/\/teatrodeningures.gal\/gl\/teatro-de-ningures-premio-da-critica-de-galicia-2025-en-artes-escenicas\/#article","isPartOf":{"@id":"https:\/\/teatrodeningures.gal\/gl\/teatro-de-ningures-premio-da-critica-de-galicia-2025-en-artes-escenicas\/"},"author":{"name":"Teatro de Ningures","@id":"https:\/\/teatrodeningures.gal\/gl\/#\/schema\/person\/a22a8ba3b646c319d3846817386c3113"},"headline":"Teatro de Ningures Premio da Cr\u00edtica de Galicia 2025 en Artes Esc\u00e9nicas","datePublished":"2025-10-19T08:20:00+00:00","dateModified":"2025-10-20T13:11:39+00:00","mainEntityOfPage":{"@id":"https:\/\/teatrodeningures.gal\/gl\/teatro-de-ningures-premio-da-critica-de-galicia-2025-en-artes-escenicas\/"},"wordCount":167,"publisher":{"@id":"https:\/\/teatrodeningures.gal\/gl\/#organization"},"image":{"@id":"https:\/\/teatrodeningures.gal\/gl\/teatro-de-ningures-premio-da-critica-de-galicia-2025-en-artes-escenicas\/#primaryimage"},"thumbnailUrl":"https:\/\/teatrodeningures.gal\/wp-content\/uploads\/2025\/10\/As-Gardias-Premio-Critica-3.jpg","articleSection":["Novas"],"inLanguage":"gl-ES"},{"@type":"WebPage","@id":"https:\/\/teatrodeningures.gal\/gl\/teatro-de-ningures-premio-da-critica-de-galicia-2025-en-artes-escenicas\/","url":"https:\/\/teatrodeningures.gal\/gl\/teatro-de-ningures-premio-da-critica-de-galicia-2025-en-artes-escenicas\/","name":"Teatro de Ningures Premio da Cr\u00edtica de Galicia 2025 en Artes Esc\u00e9nicas - Teatro de Ningures","isPartOf":{"@id":"https:\/\/teatrodeningures.gal\/gl\/#website"},"primaryImageOfPage":{"@id":"https:\/\/teatrodeningures.gal\/gl\/teatro-de-ningures-premio-da-critica-de-galicia-2025-en-artes-escenicas\/#primaryimage"},"image":{"@id":"https:\/\/teatrodeningures.gal\/gl\/teatro-de-ningures-premio-da-critica-de-galicia-2025-en-artes-escenicas\/#primaryimage"},"thumbnailUrl":"https:\/\/teatrodeningures.gal\/wp-content\/uploads\/2025\/10\/As-Gardias-Premio-Critica-3.jpg","datePublished":"2025-10-19T08:20:00+00:00","dateModified":"2025-10-20T13:11:39+00:00","breadcrumb":{"@id":"https:\/\/teatrodeningures.gal\/gl\/teatro-de-ningures-premio-da-critica-de-galicia-2025-en-artes-escenicas\/#breadcrumb"},"inLanguage":"gl-ES","potentialAction":[{"@type":"ReadAction","target":["https:\/\/teatrodeningures.gal\/gl\/teatro-de-ningures-premio-da-critica-de-galicia-2025-en-artes-escenicas\/"]}]},{"@type":"ImageObject","inLanguage":"gl-ES","@id":"https:\/\/teatrodeningures.gal\/gl\/teatro-de-ningures-premio-da-critica-de-galicia-2025-en-artes-escenicas\/#primaryimage","url":"https:\/\/teatrodeningures.gal\/wp-content\/uploads\/2025\/10\/As-Gardias-Premio-Critica-3.jpg","contentUrl":"https:\/\/teatrodeningures.gal\/wp-content\/uploads\/2025\/10\/As-Gardias-Premio-Critica-3.jpg","width":1600,"height":1200},{"@type":"BreadcrumbList","@id":"https:\/\/teatrodeningures.gal\/gl\/teatro-de-ningures-premio-da-critica-de-galicia-2025-en-artes-escenicas\/#breadcrumb","itemListElement":[{"@type":"ListItem","position":1,"name":"Portada","item":"https:\/\/teatrodeningures.gal\/gl\/"},{"@type":"ListItem","position":2,"name":"Teatro de Ningures Premio da Cr\u00edtica de Galicia 2025 en Artes Esc\u00e9nicas"}]},{"@type":"WebSite","@id":"https:\/\/teatrodeningures.gal\/gl\/#website","url":"https:\/\/teatrodeningures.gal\/gl\/","name":"Teatro de Ningures","description":"Teatro de Ningures","publisher":{"@id":"https:\/\/teatrodeningures.gal\/gl\/#organization"},"potentialAction":[{"@type":"SearchAction","target":{"@type":"EntryPoint","urlTemplate":"https:\/\/teatrodeningures.gal\/gl\/?s={search_term_string}"},"query-input":{"@type":"PropertyValueSpecification","valueRequired":true,"valueName":"search_term_string"}}],"inLanguage":"gl-ES"},{"@type":"Organization","@id":"https:\/\/teatrodeningures.gal\/gl\/#organization","name":"Teatro de Ningures","url":"https:\/\/teatrodeningures.gal\/gl\/","logo":{"@type":"ImageObject","inLanguage":"gl-ES","@id":"https:\/\/teatrodeningures.gal\/gl\/#\/schema\/logo\/image\/","url":"https:\/\/teatrodeningures.gal\/wp-content\/uploads\/2024\/10\/favicon.svg","contentUrl":"https:\/\/teatrodeningures.gal\/wp-content\/uploads\/2024\/10\/favicon.svg","width":1,"height":1,"caption":"Teatro de Ningures"},"image":{"@id":"https:\/\/teatrodeningures.gal\/gl\/#\/schema\/logo\/image\/"},"sameAs":["https:\/\/www.facebook.com\/teatro.de.ningures","https:\/\/www.instagram.com\/teatrodeningures\/"]},{"@type":"Person","@id":"https:\/\/teatrodeningures.gal\/gl\/#\/schema\/person\/a22a8ba3b646c319d3846817386c3113","name":"Teatro de Ningures","image":{"@type":"ImageObject","inLanguage":"gl-ES","@id":"https:\/\/secure.gravatar.com\/avatar\/7799420c77448dba33b120f267595480b77ebf40a654bc398cf43f1bfc794a9b?s=96&d=mm&r=g","url":"https:\/\/secure.gravatar.com\/avatar\/7799420c77448dba33b120f267595480b77ebf40a654bc398cf43f1bfc794a9b?s=96&d=mm&r=g","contentUrl":"https:\/\/secure.gravatar.com\/avatar\/7799420c77448dba33b120f267595480b77ebf40a654bc398cf43f1bfc794a9b?s=96&d=mm&r=g","caption":"Teatro de Ningures"},"sameAs":["http:\/\/teatrodeningures.gal"]}]}},"_links":{"self":[{"href":"https:\/\/teatrodeningures.gal\/gl\/wp-json\/wp\/v2\/posts\/2611","targetHints":{"allow":["GET"]}}],"collection":[{"href":"https:\/\/teatrodeningures.gal\/gl\/wp-json\/wp\/v2\/posts"}],"about":[{"href":"https:\/\/teatrodeningures.gal\/gl\/wp-json\/wp\/v2\/types\/post"}],"author":[{"embeddable":true,"href":"https:\/\/teatrodeningures.gal\/gl\/wp-json\/wp\/v2\/users\/1"}],"replies":[{"embeddable":true,"href":"https:\/\/teatrodeningures.gal\/gl\/wp-json\/wp\/v2\/comments?post=2611"}],"version-history":[{"count":3,"href":"https:\/\/teatrodeningures.gal\/gl\/wp-json\/wp\/v2\/posts\/2611\/revisions"}],"predecessor-version":[{"id":2616,"href":"https:\/\/teatrodeningures.gal\/gl\/wp-json\/wp\/v2\/posts\/2611\/revisions\/2616"}],"wp:featuredmedia":[{"embeddable":true,"href":"https:\/\/teatrodeningures.gal\/gl\/wp-json\/wp\/v2\/media\/2641"}],"wp:attachment":[{"href":"https:\/\/teatrodeningures.gal\/gl\/wp-json\/wp\/v2\/media?parent=2611"}],"wp:term":[{"taxonomy":"category","embeddable":true,"href":"https:\/\/teatrodeningures.gal\/gl\/wp-json\/wp\/v2\/categories?post=2611"},{"taxonomy":"post_tag","embeddable":true,"href":"https:\/\/teatrodeningures.gal\/gl\/wp-json\/wp\/v2\/tags?post=2611"}],"curies":[{"name":"wp","href":"https:\/\/api.w.org\/{rel}","templated":true}]}}